{"id":17744,"date":"2025-03-31T14:27:14","date_gmt":"2025-03-31T12:27:14","guid":{"rendered":"https:\/\/csc-grande-bastide.com\/?p=17744"},"modified":"2025-05-15T14:37:08","modified_gmt":"2025-05-15T12:37:08","slug":"vide-grenier-du-quartier-val-saint-andre","status":"publish","type":"post","link":"https:\/\/csc-grande-bastide.com\/index.php\/2025\/03\/31\/vide-grenier-du-quartier-val-saint-andre\/","title":{"rendered":"VIDE GRENIER DU QUARTIER VAL SAINT ANDR\u00c9"},"content":{"rendered":"\n<p class=\"has-medium-font-size\"><mark style=\"background-color:rgba(0, 0, 0, 0);color:#000000\" class=\"has-inline-color\">Le Centre Social et Culturel La Grande Bastide est heureux de vous inviter \u00e0 son grand vide-greniers du Val Saint-Andr\u00e9, qui aura lieu le dimanche 11 mai 2025, de 8h30 \u00e0 17h30 (Rue Jean Pares &#8211; place des commerces Aix-en-Provence).<\/mark><\/p>\n\n\n\n<p class=\"has-medium-font-size\"><mark style=\"background-color:rgba(0, 0, 0, 0);color:#040101\" class=\"has-inline-color\">Que vous soyez chineur \u00e0 la recherche de bonnes affaires, exposant souhaitant donner une seconde vie \u00e0 vos objets, ou simplement curieux, cet \u00e9v\u00e9nement est fait pour vous ! V\u00eatements, jouets, livres, objets d\u00e9co, \u00e9lectrom\u00e9nager, mobilier, petits tr\u00e9sors d\u2019antan\u2026 il y en aura pour tous les go\u00fbts et toutes les envies ! \ud83c\udfe1\ud83d\udc57<\/mark><\/p>\n\n\n\n<p class=\"has-medium-font-size\"><mark style=\"background-color:rgba(0, 0, 0, 0);color:#000000\" class=\"has-inline-color\">\ud83e\udd64\ud83c\udf6a Sur place, profitez d\u2019une ambiance conviviale, avec la possibilit\u00e9 de vous restaurer avec vente de hot-dog, pizzas sans oublier la go\u00fbter et de passer un moment agr\u00e9able.<\/mark><\/p>\n\n\n\n<p class=\"has-medium-font-size\"><strong><mark style=\"background-color:rgba(0, 0, 0, 0);color:#9f0000\" class=\"has-inline-color\">INSCRIPTIONS DES EXPOSANTS<\/mark><\/strong><br><mark style=\"background-color:rgba(0, 0, 0, 0);color:#020101\" class=\"has-inline-color\">Pour les habitants du quartier du Val Saint Andr\u00e9  :<br>\ud83d\udcc5 Mercredi 2 avril \u2013 de 9h \u00e0 12h<br>\ud83d\udcc5 Jeudi 3 avril \u2013 de 14h \u00e0 16h<br>\ud83d\udccd Au Centre Social et Culturel La Grande Bastide (Avenue du Square, 13100 Aix-en-Provence)<\/mark><\/p>\n\n\n\n<p class=\"has-medium-font-size\"><mark style=\"background-color:rgba(0, 0, 0, 0);color:#000000\" class=\"has-inline-color\">Inscriptions ouvertes \u00e0 tous :<br>\ud83d\udcc5 Mardi 8 avril \u2013 de 16h \u00e0 19h<br>\ud83d\udcc5 Lundi 14 avril \u2013 de 16h \u00e0 19h<\/mark><\/p>\n\n\n\n<p><strong><mark style=\"background-color:rgba(0, 0, 0, 0);color:#b90000\" class=\"has-inline-color\">\u26a0\ufe0f Attention, les places sont limit\u00e9es !<\/mark><\/strong><\/p>\n\n\n\n<p class=\"has-medium-font-size\"><strong><mark style=\"background-color:rgba(0, 0, 0, 0);color:#900000\" class=\"has-inline-color\">TARIFS EXPOSANTS<br><\/mark><\/strong><mark style=\"background-color:rgba(0, 0, 0, 0);color:#000000\" class=\"has-inline-color\">\u2714\ufe0f Habitants du quartier : 16\u20ac pour un emplacement de 3 m\u00e8tres<br>\u2714\ufe0f Autres participants : 20\u20ac pour un emplacement de 3 m\u00e8tres<br><strong>!!<\/strong> Maximum 2 stands par personne<\/mark><\/p>\n\n\n\n<p class=\"has-colibri-color-6-color has-text-color has-link-color has-medium-font-size wp-elements-503c7acd0a557f08b171f40e7094250f\"><strong><mark style=\"background-color:rgba(0, 0, 0, 0);color:#020101\" class=\"has-inline-color\">POUR PLUS D&rsquo;INFORMATIONS<br><\/mark><\/strong><mark style=\"background-color:rgba(0, 0, 0, 0);color:#020101\" class=\"has-inline-color\">N\u2019h\u00e9sitez pas \u00e0 nous contacter au 04.42.26.34.46 pour toute question ou renseignement compl\u00e9mentaire.<\/mark><\/p>\n\n\n\n<p class=\"has-colibri-color-6-color has-text-color has-link-color has-medium-font-size wp-elements-80e4bd028457e705bfde0ef862b905e0\"><mark style=\"background-color:rgba(0, 0, 0, 0);color:#010000\" class=\"has-inline-color\">On vous attend nombreux pour une journ\u00e9e de chine, de partage et de convivialit\u00e9 !<\/mark><\/p>\n\n\n\n<p><\/p>\n\n\n\n<p><\/p>\n\n\n<div class=\"wp-block-image\">\n<figure class=\"aligncenter size-large\"><img fetchpriority=\"high\" decoding=\"async\" width=\"724\" height=\"1024\" src=\"https:\/\/csc-grande-bastide.com\/wp-content\/uploads\/2025\/03\/inscription-724x1024.jpg\" alt=\"\" class=\"wp-image-17745\" srcset=\"https:\/\/csc-grande-bastide.com\/wp-content\/uploads\/2025\/03\/inscription-724x1024.jpg 724w, https:\/\/csc-grande-bastide.com\/wp-content\/uploads\/2025\/03\/inscription-212x300.jpg 212w, https:\/\/csc-grande-bastide.com\/wp-content\/uploads\/2025\/03\/inscription-768x1086.jpg 768w, https:\/\/csc-grande-bastide.com\/wp-content\/uploads\/2025\/03\/inscription-1086x1536.jpg 1086w, https:\/\/csc-grande-bastide.com\/wp-content\/uploads\/2025\/03\/inscription-1448x2048.jpg 1448w, https:\/\/csc-grande-bastide.com\/wp-content\/uploads\/2025\/03\/inscription-600x849.jpg 600w, https:\/\/csc-grande-bastide.com\/wp-content\/uploads\/2025\/03\/inscription.jpg 1587w\" sizes=\"(max-width: 724px) 100vw, 724px\" \/><\/figure>\n<\/div>","protected":false},"excerpt":{"rendered":"<p>Le Centre Social et Culturel La Grande Bastide est heureux de vous inviter \u00e0 son grand vide-greniers du Val Saint-Andr\u00e9, qui aura lieu le dimanche 11 mai 2025, de 8h30 \u00e0 17h30 (Rue Jean Pares &#8211; place des commerces Aix-en-Provence). Que vous soyez chineur \u00e0 la recherche de bonnes affaires, exposant souhaitant donner une seconde [&hellip;]<\/p>\n","protected":false},"author":9,"featured_media":17749,"comment_status":"open","ping_status":"open","sticky":false,"template":"","format":"standard","meta":{"_jetpack_memberships_contains_paid_content":false,"footnotes":""},"categories":[47],"tags":[],"class_list":["post-17744","post","type-post","status-publish","format-standard","has-post-thumbnail","hentry","category-actions-du-centre-social"],"yoast_head":"<!-- This site is optimized with the Yoast SEO plugin v27.4 - https:\/\/yoast.com\/product\/yoast-seo-wordpress\/ -->\n<title>VIDE GRENIER DU QUARTIER VAL SAINT ANDR\u00c9 - &quot;La Grande Bastide&quot;<\/title>\n<meta name=\"robots\" content=\"index, follow, max-snippet:-1, max-image-preview:large, max-video-preview:-1\" \/>\n<link rel=\"canonical\" href=\"https:\/\/csc-grande-bastide.com\/index.php\/2025\/03\/31\/vide-grenier-du-quartier-val-saint-andre\/\" \/>\n<meta property=\"og:locale\" content=\"fr_FR\" \/>\n<meta property=\"og:type\" content=\"article\" \/>\n<meta property=\"og:title\" content=\"VIDE GRENIER DU QUARTIER VAL SAINT ANDR\u00c9 - &quot;La Grande Bastide&quot;\" \/>\n<meta property=\"og:description\" content=\"Le Centre Social et Culturel La Grande Bastide est heureux de vous inviter \u00e0 son grand vide-greniers du Val Saint-Andr\u00e9, qui aura lieu le dimanche 11 mai 2025, de 8h30 \u00e0 17h30 (Rue Jean Pares &#8211; place des commerces Aix-en-Provence). Que vous soyez chineur \u00e0 la recherche de bonnes affaires, exposant souhaitant donner une seconde [&hellip;]\" \/>\n<meta property=\"og:url\" content=\"https:\/\/csc-grande-bastide.com\/index.php\/2025\/03\/31\/vide-grenier-du-quartier-val-saint-andre\/\" \/>\n<meta property=\"og:site_name\" content=\"&quot;La Grande Bastide&quot;\" \/>\n<meta property=\"article:published_time\" content=\"2025-03-31T12:27:14+00:00\" \/>\n<meta property=\"article:modified_time\" content=\"2025-05-15T12:37:08+00:00\" \/>\n<meta property=\"og:image\" content=\"https:\/\/csc-grande-bastide.com\/wp-content\/uploads\/2025\/03\/vide-grenier-1.jpg\" \/>\n\t<meta property=\"og:image:width\" content=\"2000\" \/>\n\t<meta property=\"og:image:height\" content=\"1414\" \/>\n\t<meta property=\"og:image:type\" content=\"image\/jpeg\" \/>\n<meta name=\"author\" content=\"Sarah Leyoudec\" \/>\n<meta name=\"twitter:card\" content=\"summary_large_image\" \/>\n<meta name=\"twitter:label1\" content=\"\u00c9crit par\" \/>\n\t<meta name=\"twitter:data1\" content=\"Sarah Leyoudec\" \/>\n\t<meta name=\"twitter:label2\" content=\"Dur\u00e9e de lecture estim\u00e9e\" \/>\n\t<meta name=\"twitter:data2\" content=\"2 minutes\" \/>\n<script type=\"application\/ld+json\" class=\"yoast-schema-graph\">{\"@context\":\"https:\\\/\\\/schema.org\",\"@graph\":[{\"@type\":\"Article\",\"@id\":\"https:\\\/\\\/csc-grande-bastide.com\\\/index.php\\\/2025\\\/03\\\/31\\\/vide-grenier-du-quartier-val-saint-andre\\\/#article\",\"isPartOf\":{\"@id\":\"https:\\\/\\\/csc-grande-bastide.com\\\/index.php\\\/2025\\\/03\\\/31\\\/vide-grenier-du-quartier-val-saint-andre\\\/\"},\"author\":{\"name\":\"Sarah Leyoudec\",\"@id\":\"https:\\\/\\\/csc-grande-bastide.com\\\/#\\\/schema\\\/person\\\/d26984bf58794b9988b5ef94a95d0b38\"},\"headline\":\"VIDE GRENIER DU QUARTIER VAL SAINT ANDR\u00c9\",\"datePublished\":\"2025-03-31T12:27:14+00:00\",\"dateModified\":\"2025-05-15T12:37:08+00:00\",\"mainEntityOfPage\":{\"@id\":\"https:\\\/\\\/csc-grande-bastide.com\\\/index.php\\\/2025\\\/03\\\/31\\\/vide-grenier-du-quartier-val-saint-andre\\\/\"},\"wordCount\":236,\"commentCount\":2,\"publisher\":{\"@id\":\"https:\\\/\\\/csc-grande-bastide.com\\\/#organization\"},\"image\":{\"@id\":\"https:\\\/\\\/csc-grande-bastide.com\\\/index.php\\\/2025\\\/03\\\/31\\\/vide-grenier-du-quartier-val-saint-andre\\\/#primaryimage\"},\"thumbnailUrl\":\"https:\\\/\\\/csc-grande-bastide.com\\\/wp-content\\\/uploads\\\/2025\\\/03\\\/vide-grenier-1.jpg\",\"articleSection\":[\"Actions du Centre Social\"],\"inLanguage\":\"fr-FR\",\"potentialAction\":[{\"@type\":\"CommentAction\",\"name\":\"Comment\",\"target\":[\"https:\\\/\\\/csc-grande-bastide.com\\\/index.php\\\/2025\\\/03\\\/31\\\/vide-grenier-du-quartier-val-saint-andre\\\/#respond\"]}]},{\"@type\":\"WebPage\",\"@id\":\"https:\\\/\\\/csc-grande-bastide.com\\\/index.php\\\/2025\\\/03\\\/31\\\/vide-grenier-du-quartier-val-saint-andre\\\/\",\"url\":\"https:\\\/\\\/csc-grande-bastide.com\\\/index.php\\\/2025\\\/03\\\/31\\\/vide-grenier-du-quartier-val-saint-andre\\\/\",\"name\":\"VIDE GRENIER DU QUARTIER VAL SAINT ANDR\u00c9 - &quot;La Grande Bastide&quot;\",\"isPartOf\":{\"@id\":\"https:\\\/\\\/csc-grande-bastide.com\\\/#website\"},\"primaryImageOfPage\":{\"@id\":\"https:\\\/\\\/csc-grande-bastide.com\\\/index.php\\\/2025\\\/03\\\/31\\\/vide-grenier-du-quartier-val-saint-andre\\\/#primaryimage\"},\"image\":{\"@id\":\"https:\\\/\\\/csc-grande-bastide.com\\\/index.php\\\/2025\\\/03\\\/31\\\/vide-grenier-du-quartier-val-saint-andre\\\/#primaryimage\"},\"thumbnailUrl\":\"https:\\\/\\\/csc-grande-bastide.com\\\/wp-content\\\/uploads\\\/2025\\\/03\\\/vide-grenier-1.jpg\",\"datePublished\":\"2025-03-31T12:27:14+00:00\",\"dateModified\":\"2025-05-15T12:37:08+00:00\",\"breadcrumb\":{\"@id\":\"https:\\\/\\\/csc-grande-bastide.com\\\/index.php\\\/2025\\\/03\\\/31\\\/vide-grenier-du-quartier-val-saint-andre\\\/#breadcrumb\"},\"inLanguage\":\"fr-FR\",\"potentialAction\":[{\"@type\":\"ReadAction\",\"target\":[\"https:\\\/\\\/csc-grande-bastide.com\\\/index.php\\\/2025\\\/03\\\/31\\\/vide-grenier-du-quartier-val-saint-andre\\\/\"]}]},{\"@type\":\"ImageObject\",\"inLanguage\":\"fr-FR\",\"@id\":\"https:\\\/\\\/csc-grande-bastide.com\\\/index.php\\\/2025\\\/03\\\/31\\\/vide-grenier-du-quartier-val-saint-andre\\\/#primaryimage\",\"url\":\"https:\\\/\\\/csc-grande-bastide.com\\\/wp-content\\\/uploads\\\/2025\\\/03\\\/vide-grenier-1.jpg\",\"contentUrl\":\"https:\\\/\\\/csc-grande-bastide.com\\\/wp-content\\\/uploads\\\/2025\\\/03\\\/vide-grenier-1.jpg\",\"width\":2000,\"height\":1414},{\"@type\":\"BreadcrumbList\",\"@id\":\"https:\\\/\\\/csc-grande-bastide.com\\\/index.php\\\/2025\\\/03\\\/31\\\/vide-grenier-du-quartier-val-saint-andre\\\/#breadcrumb\",\"itemListElement\":[{\"@type\":\"ListItem\",\"position\":1,\"name\":\"Accueil\",\"item\":\"https:\\\/\\\/csc-grande-bastide.com\\\/\"},{\"@type\":\"ListItem\",\"position\":2,\"name\":\"VIDE GRENIER DU QUARTIER VAL SAINT ANDR\u00c9\"}]},{\"@type\":\"WebSite\",\"@id\":\"https:\\\/\\\/csc-grande-bastide.com\\\/#website\",\"url\":\"https:\\\/\\\/csc-grande-bastide.com\\\/\",\"name\":\"&quot;La Grande Bastide&quot;\",\"description\":\"Centre Social et Culturel \u00e0 Aix-en-Provence\",\"publisher\":{\"@id\":\"https:\\\/\\\/csc-grande-bastide.com\\\/#organization\"},\"potentialAction\":[{\"@type\":\"SearchAction\",\"target\":{\"@type\":\"EntryPoint\",\"urlTemplate\":\"https:\\\/\\\/csc-grande-bastide.com\\\/?s={search_term_string}\"},\"query-input\":{\"@type\":\"PropertyValueSpecification\",\"valueRequired\":true,\"valueName\":\"search_term_string\"}}],\"inLanguage\":\"fr-FR\"},{\"@type\":\"Organization\",\"@id\":\"https:\\\/\\\/csc-grande-bastide.com\\\/#organization\",\"name\":\"&quot;La Grande Bastide&quot;\",\"url\":\"https:\\\/\\\/csc-grande-bastide.com\\\/\",\"logo\":{\"@type\":\"ImageObject\",\"inLanguage\":\"fr-FR\",\"@id\":\"https:\\\/\\\/csc-grande-bastide.com\\\/#\\\/schema\\\/logo\\\/image\\\/\",\"url\":\"https:\\\/\\\/csc-grande-bastide.com\\\/wp-content\\\/uploads\\\/2023\\\/07\\\/cropped-Colorful-Books-Faux-OrganicAbstract-Media-Lifestyle-11-Static-Feed-Ad-1.png\",\"contentUrl\":\"https:\\\/\\\/csc-grande-bastide.com\\\/wp-content\\\/uploads\\\/2023\\\/07\\\/cropped-Colorful-Books-Faux-OrganicAbstract-Media-Lifestyle-11-Static-Feed-Ad-1.png\",\"width\":1079,\"height\":1079,\"caption\":\"&quot;La Grande Bastide&quot;\"},\"image\":{\"@id\":\"https:\\\/\\\/csc-grande-bastide.com\\\/#\\\/schema\\\/logo\\\/image\\\/\"}},{\"@type\":\"Person\",\"@id\":\"https:\\\/\\\/csc-grande-bastide.com\\\/#\\\/schema\\\/person\\\/d26984bf58794b9988b5ef94a95d0b38\",\"name\":\"Sarah Leyoudec\",\"image\":{\"@type\":\"ImageObject\",\"inLanguage\":\"fr-FR\",\"@id\":\"https:\\\/\\\/secure.gravatar.com\\\/avatar\\\/77eed33f89eac0fefc16e6aa19f6924227243e483fcd4e840c15ff8ee0734fb2?s=96&d=mm&r=g\",\"url\":\"https:\\\/\\\/secure.gravatar.com\\\/avatar\\\/77eed33f89eac0fefc16e6aa19f6924227243e483fcd4e840c15ff8ee0734fb2?s=96&d=mm&r=g\",\"contentUrl\":\"https:\\\/\\\/secure.gravatar.com\\\/avatar\\\/77eed33f89eac0fefc16e6aa19f6924227243e483fcd4e840c15ff8ee0734fb2?s=96&d=mm&r=g\",\"caption\":\"Sarah Leyoudec\"},\"url\":\"https:\\\/\\\/csc-grande-bastide.com\\\/index.php\\\/author\\\/sarahley\\\/\"}]}<\/script>\n<!-- \/ Yoast SEO plugin. -->","yoast_head_json":{"title":"VIDE GRENIER DU QUARTIER VAL SAINT ANDR\u00c9 - &quot;La Grande Bastide&quot;","robots":{"index":"index","follow":"follow","max-snippet":"max-snippet:-1","max-image-preview":"max-image-preview:large","max-video-preview":"max-video-preview:-1"},"canonical":"https:\/\/csc-grande-bastide.com\/index.php\/2025\/03\/31\/vide-grenier-du-quartier-val-saint-andre\/","og_locale":"fr_FR","og_type":"article","og_title":"VIDE GRENIER DU QUARTIER VAL SAINT ANDR\u00c9 - &quot;La Grande Bastide&quot;","og_description":"Le Centre Social et Culturel La Grande Bastide est heureux de vous inviter \u00e0 son grand vide-greniers du Val Saint-Andr\u00e9, qui aura lieu le dimanche 11 mai 2025, de 8h30 \u00e0 17h30 (Rue Jean Pares &#8211; place des commerces Aix-en-Provence). Que vous soyez chineur \u00e0 la recherche de bonnes affaires, exposant souhaitant donner une seconde [&hellip;]","og_url":"https:\/\/csc-grande-bastide.com\/index.php\/2025\/03\/31\/vide-grenier-du-quartier-val-saint-andre\/","og_site_name":"&quot;La Grande Bastide&quot;","article_published_time":"2025-03-31T12:27:14+00:00","article_modified_time":"2025-05-15T12:37:08+00:00","og_image":[{"width":2000,"height":1414,"url":"https:\/\/csc-grande-bastide.com\/wp-content\/uploads\/2025\/03\/vide-grenier-1.jpg","type":"image\/jpeg"}],"author":"Sarah Leyoudec","twitter_card":"summary_large_image","twitter_misc":{"\u00c9crit par":"Sarah Leyoudec","Dur\u00e9e de lecture estim\u00e9e":"2 minutes"},"schema":{"@context":"https:\/\/schema.org","@graph":[{"@type":"Article","@id":"https:\/\/csc-grande-bastide.com\/index.php\/2025\/03\/31\/vide-grenier-du-quartier-val-saint-andre\/#article","isPartOf":{"@id":"https:\/\/csc-grande-bastide.com\/index.php\/2025\/03\/31\/vide-grenier-du-quartier-val-saint-andre\/"},"author":{"name":"Sarah Leyoudec","@id":"https:\/\/csc-grande-bastide.com\/#\/schema\/person\/d26984bf58794b9988b5ef94a95d0b38"},"headline":"VIDE GRENIER DU QUARTIER VAL SAINT ANDR\u00c9","datePublished":"2025-03-31T12:27:14+00:00","dateModified":"2025-05-15T12:37:08+00:00","mainEntityOfPage":{"@id":"https:\/\/csc-grande-bastide.com\/index.php\/2025\/03\/31\/vide-grenier-du-quartier-val-saint-andre\/"},"wordCount":236,"commentCount":2,"publisher":{"@id":"https:\/\/csc-grande-bastide.com\/#organization"},"image":{"@id":"https:\/\/csc-grande-bastide.com\/index.php\/2025\/03\/31\/vide-grenier-du-quartier-val-saint-andre\/#primaryimage"},"thumbnailUrl":"https:\/\/csc-grande-bastide.com\/wp-content\/uploads\/2025\/03\/vide-grenier-1.jpg","articleSection":["Actions du Centre Social"],"inLanguage":"fr-FR","potentialAction":[{"@type":"CommentAction","name":"Comment","target":["https:\/\/csc-grande-bastide.com\/index.php\/2025\/03\/31\/vide-grenier-du-quartier-val-saint-andre\/#respond"]}]},{"@type":"WebPage","@id":"https:\/\/csc-grande-bastide.com\/index.php\/2025\/03\/31\/vide-grenier-du-quartier-val-saint-andre\/","url":"https:\/\/csc-grande-bastide.com\/index.php\/2025\/03\/31\/vide-grenier-du-quartier-val-saint-andre\/","name":"VIDE GRENIER DU QUARTIER VAL SAINT ANDR\u00c9 - &quot;La Grande Bastide&quot;","isPartOf":{"@id":"https:\/\/csc-grande-bastide.com\/#website"},"primaryImageOfPage":{"@id":"https:\/\/csc-grande-bastide.com\/index.php\/2025\/03\/31\/vide-grenier-du-quartier-val-saint-andre\/#primaryimage"},"image":{"@id":"https:\/\/csc-grande-bastide.com\/index.php\/2025\/03\/31\/vide-grenier-du-quartier-val-saint-andre\/#primaryimage"},"thumbnailUrl":"https:\/\/csc-grande-bastide.com\/wp-content\/uploads\/2025\/03\/vide-grenier-1.jpg","datePublished":"2025-03-31T12:27:14+00:00","dateModified":"2025-05-15T12:37:08+00:00","breadcrumb":{"@id":"https:\/\/csc-grande-bastide.com\/index.php\/2025\/03\/31\/vide-grenier-du-quartier-val-saint-andre\/#breadcrumb"},"inLanguage":"fr-FR","potentialAction":[{"@type":"ReadAction","target":["https:\/\/csc-grande-bastide.com\/index.php\/2025\/03\/31\/vide-grenier-du-quartier-val-saint-andre\/"]}]},{"@type":"ImageObject","inLanguage":"fr-FR","@id":"https:\/\/csc-grande-bastide.com\/index.php\/2025\/03\/31\/vide-grenier-du-quartier-val-saint-andre\/#primaryimage","url":"https:\/\/csc-grande-bastide.com\/wp-content\/uploads\/2025\/03\/vide-grenier-1.jpg","contentUrl":"https:\/\/csc-grande-bastide.com\/wp-content\/uploads\/2025\/03\/vide-grenier-1.jpg","width":2000,"height":1414},{"@type":"BreadcrumbList","@id":"https:\/\/csc-grande-bastide.com\/index.php\/2025\/03\/31\/vide-grenier-du-quartier-val-saint-andre\/#breadcrumb","itemListElement":[{"@type":"ListItem","position":1,"name":"Accueil","item":"https:\/\/csc-grande-bastide.com\/"},{"@type":"ListItem","position":2,"name":"VIDE GRENIER DU QUARTIER VAL SAINT ANDR\u00c9"}]},{"@type":"WebSite","@id":"https:\/\/csc-grande-bastide.com\/#website","url":"https:\/\/csc-grande-bastide.com\/","name":"&quot;La Grande Bastide&quot;","description":"Centre Social et Culturel \u00e0 Aix-en-Provence","publisher":{"@id":"https:\/\/csc-grande-bastide.com\/#organization"},"potentialAction":[{"@type":"SearchAction","target":{"@type":"EntryPoint","urlTemplate":"https:\/\/csc-grande-bastide.com\/?s={search_term_string}"},"query-input":{"@type":"PropertyValueSpecification","valueRequired":true,"valueName":"search_term_string"}}],"inLanguage":"fr-FR"},{"@type":"Organization","@id":"https:\/\/csc-grande-bastide.com\/#organization","name":"&quot;La Grande Bastide&quot;","url":"https:\/\/csc-grande-bastide.com\/","logo":{"@type":"ImageObject","inLanguage":"fr-FR","@id":"https:\/\/csc-grande-bastide.com\/#\/schema\/logo\/image\/","url":"https:\/\/csc-grande-bastide.com\/wp-content\/uploads\/2023\/07\/cropped-Colorful-Books-Faux-OrganicAbstract-Media-Lifestyle-11-Static-Feed-Ad-1.png","contentUrl":"https:\/\/csc-grande-bastide.com\/wp-content\/uploads\/2023\/07\/cropped-Colorful-Books-Faux-OrganicAbstract-Media-Lifestyle-11-Static-Feed-Ad-1.png","width":1079,"height":1079,"caption":"&quot;La Grande Bastide&quot;"},"image":{"@id":"https:\/\/csc-grande-bastide.com\/#\/schema\/logo\/image\/"}},{"@type":"Person","@id":"https:\/\/csc-grande-bastide.com\/#\/schema\/person\/d26984bf58794b9988b5ef94a95d0b38","name":"Sarah Leyoudec","image":{"@type":"ImageObject","inLanguage":"fr-FR","@id":"https:\/\/secure.gravatar.com\/avatar\/77eed33f89eac0fefc16e6aa19f6924227243e483fcd4e840c15ff8ee0734fb2?s=96&d=mm&r=g","url":"https:\/\/secure.gravatar.com\/avatar\/77eed33f89eac0fefc16e6aa19f6924227243e483fcd4e840c15ff8ee0734fb2?s=96&d=mm&r=g","contentUrl":"https:\/\/secure.gravatar.com\/avatar\/77eed33f89eac0fefc16e6aa19f6924227243e483fcd4e840c15ff8ee0734fb2?s=96&d=mm&r=g","caption":"Sarah Leyoudec"},"url":"https:\/\/csc-grande-bastide.com\/index.php\/author\/sarahley\/"}]}},"jetpack_featured_media_url":"https:\/\/csc-grande-bastide.com\/wp-content\/uploads\/2025\/03\/vide-grenier-1.jpg","jetpack_sharing_enabled":true,"_links":{"self":[{"href":"https:\/\/csc-grande-bastide.com\/index.php\/wp-json\/wp\/v2\/posts\/17744","targetHints":{"allow":["GET"]}}],"collection":[{"href":"https:\/\/csc-grande-bastide.com\/index.php\/wp-json\/wp\/v2\/posts"}],"about":[{"href":"https:\/\/csc-grande-bastide.com\/index.php\/wp-json\/wp\/v2\/types\/post"}],"author":[{"embeddable":true,"href":"https:\/\/csc-grande-bastide.com\/index.php\/wp-json\/wp\/v2\/users\/9"}],"replies":[{"embeddable":true,"href":"https:\/\/csc-grande-bastide.com\/index.php\/wp-json\/wp\/v2\/comments?post=17744"}],"version-history":[{"count":1,"href":"https:\/\/csc-grande-bastide.com\/index.php\/wp-json\/wp\/v2\/posts\/17744\/revisions"}],"predecessor-version":[{"id":17748,"href":"https:\/\/csc-grande-bastide.com\/index.php\/wp-json\/wp\/v2\/posts\/17744\/revisions\/17748"}],"wp:featuredmedia":[{"embeddable":true,"href":"https:\/\/csc-grande-bastide.com\/index.php\/wp-json\/wp\/v2\/media\/17749"}],"wp:attachment":[{"href":"https:\/\/csc-grande-bastide.com\/index.php\/wp-json\/wp\/v2\/media?parent=17744"}],"wp:term":[{"taxonomy":"category","embeddable":true,"href":"https:\/\/csc-grande-bastide.com\/index.php\/wp-json\/wp\/v2\/categories?post=17744"},{"taxonomy":"post_tag","embeddable":true,"href":"https:\/\/csc-grande-bastide.com\/index.php\/wp-json\/wp\/v2\/tags?post=17744"}],"curies":[{"name":"wp","href":"https:\/\/api.w.org\/{rel}","templated":true}]}}