{"id":20782,"date":"2026-03-06T11:11:44","date_gmt":"2026-03-06T10:11:44","guid":{"rendered":"https:\/\/csc-grande-bastide.com\/?p=20782"},"modified":"2026-03-06T11:11:46","modified_gmt":"2026-03-06T10:11:46","slug":"festival-de-contes-2026-1001-paroles","status":"publish","type":"post","link":"https:\/\/csc-grande-bastide.com\/index.php\/2026\/03\/06\/festival-de-contes-2026-1001-paroles\/","title":{"rendered":"FESTIVAL DE CONTES 2026 &#8211; 1001 PAROLES"},"content":{"rendered":"\n<p class=\"has-text-align-center has-text-color has-link-color has-medium-font-size wp-elements-a19f9e896308bb745d78742ead010dac\" style=\"color:#050000\"><mark style=\"background-color:rgba(0, 0, 0, 0);color:#050000\" class=\"has-inline-color\">Le festival de contes <\/mark><mark style=\"background-color:rgba(0, 0, 0, 0);color:#a90000\" class=\"has-inline-color\">\u00ab Balivernes et fariboles \u00bb<\/mark><mark style=\"background-color:rgba(0, 0, 0, 0);color:#050000\" class=\"has-inline-color\">, propos\u00e9 par l\u2019association \u00ab\u00a0Mille et une paroles\u00a0\u00bb Paroles, revient <strong>les 28 et 29 mars 2026<\/strong> au Centre Social et Culturel La Grande Bastide \u00e0 Aix-en-Provence. Cet \u00e9v\u00e9nement gratuit invite petits et grands \u00e0 plonger dans l\u2019univers du conte tout au long du week-end.<\/mark><mark style=\"background-color:rgba(0, 0, 0, 0);color:#a90000\" class=\"has-inline-color\"> Le samedi 28 mars<\/mark><mark style=\"background-color:rgba(0, 0, 0, 0);color:#050000\" class=\"has-inline-color\">, des cont\u00e9es pour enfants de 3 \u00e0 10 ans seront propos\u00e9es d\u00e8s l\u2019apr\u00e8s-midi, suivies d\u2019un go\u00fbter offert, d\u2019une cont\u00e9e tout public et d\u2019un spectacle de Luigi Rignanese, <em>\u00ab Contes merveilleux italiens \u00bb<\/em>, \u00e0 partir de 12 ans. <\/mark><mark style=\"background-color:rgba(0, 0, 0, 0);color:#a90000\" class=\"has-inline-color\">Le dimanche 29 mars<\/mark><mark style=\"background-color:rgba(0, 0, 0, 0);color:#050000\" class=\"has-inline-color\">, la matin\u00e9e sera consacr\u00e9e \u00e0 une sc\u00e8ne ouverte pour celles et ceux qui souhaitent partager un conte, autour d\u2019un petit-d\u00e9jeuner offert, avant un pique-nique tir\u00e9 du sac. Le festival se cl\u00f4turera par <strong><em>une balade cont\u00e9e dans le Parc de la Torse<\/em><\/strong>, ouverte \u00e0 tous, avec d\u00e9part depuis le parking de la rue Edmond Michelet, \u00e0 c\u00f4t\u00e9 de l\u2019\u00e9cole du Val Saint-Andr\u00e9.<br><\/mark><strong><mark style=\"background-color:rgba(0, 0, 0, 0);color:#950000\" class=\"has-inline-color\">Plus de renseignements au 06.79.62.90.11 !<\/mark><\/strong><\/p>\n\n\n\n<div class=\"wp-block-jetpack-slideshow aligncenter\" data-effect=\"slide\" style=\"--aspect-ratio:calc(724 \/ 1024)\"><div class=\"wp-block-jetpack-slideshow_container swiper\"><ul class=\"wp-block-jetpack-slideshow_swiper-wrapper swiper-wrapper\"><li class=\"wp-block-jetpack-slideshow_slide swiper-slide\"><figure><img fetchpriority=\"high\" decoding=\"async\" width=\"724\" height=\"1024\" alt=\"\" class=\"wp-block-jetpack-slideshow_image wp-image-20784\" data-id=\"20784\" data-aspect-ratio=\"724 \/ 1024\" src=\"https:\/\/csc-grande-bastide.com\/wp-content\/uploads\/2026\/03\/affiche-festival-2026_page-0001-724x1024.jpg\" srcset=\"https:\/\/csc-grande-bastide.com\/wp-content\/uploads\/2026\/03\/affiche-festival-2026_page-0001-724x1024.jpg 724w, https:\/\/csc-grande-bastide.com\/wp-content\/uploads\/2026\/03\/affiche-festival-2026_page-0001-212x300.jpg 212w, https:\/\/csc-grande-bastide.com\/wp-content\/uploads\/2026\/03\/affiche-festival-2026_page-0001-768x1086.jpg 768w, https:\/\/csc-grande-bastide.com\/wp-content\/uploads\/2026\/03\/affiche-festival-2026_page-0001-1086x1536.jpg 1086w, https:\/\/csc-grande-bastide.com\/wp-content\/uploads\/2026\/03\/affiche-festival-2026_page-0001-600x849.jpg 600w, https:\/\/csc-grande-bastide.com\/wp-content\/uploads\/2026\/03\/affiche-festival-2026_page-0001.jpg 1241w\" sizes=\"(max-width: 724px) 100vw, 724px\" \/><\/figure><\/li><li class=\"wp-block-jetpack-slideshow_slide swiper-slide\"><figure><img decoding=\"async\" width=\"724\" height=\"1024\" alt=\"\" class=\"wp-block-jetpack-slideshow_image wp-image-20783\" data-id=\"20783\" data-aspect-ratio=\"724 \/ 1024\" src=\"https:\/\/csc-grande-bastide.com\/wp-content\/uploads\/2026\/03\/Programme-pour-les-spectateurs_page-0001-724x1024.jpg\" srcset=\"https:\/\/csc-grande-bastide.com\/wp-content\/uploads\/2026\/03\/Programme-pour-les-spectateurs_page-0001-724x1024.jpg 724w, https:\/\/csc-grande-bastide.com\/wp-content\/uploads\/2026\/03\/Programme-pour-les-spectateurs_page-0001-212x300.jpg 212w, https:\/\/csc-grande-bastide.com\/wp-content\/uploads\/2026\/03\/Programme-pour-les-spectateurs_page-0001-768x1086.jpg 768w, https:\/\/csc-grande-bastide.com\/wp-content\/uploads\/2026\/03\/Programme-pour-les-spectateurs_page-0001-1086x1536.jpg 1086w, https:\/\/csc-grande-bastide.com\/wp-content\/uploads\/2026\/03\/Programme-pour-les-spectateurs_page-0001-600x849.jpg 600w, https:\/\/csc-grande-bastide.com\/wp-content\/uploads\/2026\/03\/Programme-pour-les-spectateurs_page-0001.jpg 1241w\" sizes=\"(max-width: 724px) 100vw, 724px\" \/><\/figure><\/li><\/ul><a class=\"wp-block-jetpack-slideshow_button-prev swiper-button-prev swiper-button-white\" role=\"button\"><\/a><a class=\"wp-block-jetpack-slideshow_button-next swiper-button-next swiper-button-white\" role=\"button\"><\/a><a aria-label=\"Pause Slideshow\" class=\"wp-block-jetpack-slideshow_button-pause\" role=\"button\"><\/a><div class=\"wp-block-jetpack-slideshow_pagination swiper-pagination swiper-pagination-white\"><\/div><\/div><\/div>\n\n\n\n<p><\/p>\n","protected":false},"excerpt":{"rendered":"<p>Le festival de contes \u00ab Balivernes et fariboles \u00bb, propos\u00e9 par l\u2019association \u00ab\u00a0Mille et une paroles\u00a0\u00bb Paroles, revient les 28 et 29 mars 2026 au Centre Social et Culturel La Grande Bastide \u00e0 Aix-en-Provence. Cet \u00e9v\u00e9nement gratuit invite petits et grands \u00e0 plonger dans l\u2019univers du conte tout au long du week-end. Le samedi 28 [&hellip;]<\/p>\n","protected":false},"author":9,"featured_media":20785,"comment_status":"open","ping_status":"open","sticky":false,"template":"","format":"standard","meta":{"_jetpack_memberships_contains_paid_content":false,"footnotes":""},"categories":[1],"tags":[],"class_list":["post-20782","post","type-post","status-publish","format-standard","has-post-thumbnail","hentry","category-non-classe"],"yoast_head":"<!-- This site is optimized with the Yoast SEO plugin v27.4 - https:\/\/yoast.com\/product\/yoast-seo-wordpress\/ -->\n<title>FESTIVAL DE CONTES 2026 - 1001 PAROLES - &quot;La Grande Bastide&quot;<\/title>\n<meta name=\"robots\" content=\"index, follow, max-snippet:-1, max-image-preview:large, max-video-preview:-1\" \/>\n<link rel=\"canonical\" href=\"https:\/\/csc-grande-bastide.com\/index.php\/2026\/03\/06\/festival-de-contes-2026-1001-paroles\/\" \/>\n<meta property=\"og:locale\" content=\"fr_FR\" \/>\n<meta property=\"og:type\" content=\"article\" \/>\n<meta property=\"og:title\" content=\"FESTIVAL DE CONTES 2026 - 1001 PAROLES - &quot;La Grande Bastide&quot;\" \/>\n<meta property=\"og:description\" content=\"Le festival de contes \u00ab Balivernes et fariboles \u00bb, propos\u00e9 par l\u2019association \u00ab\u00a0Mille et une paroles\u00a0\u00bb Paroles, revient les 28 et 29 mars 2026 au Centre Social et Culturel La Grande Bastide \u00e0 Aix-en-Provence. Cet \u00e9v\u00e9nement gratuit invite petits et grands \u00e0 plonger dans l\u2019univers du conte tout au long du week-end. Le samedi 28 [&hellip;]\" \/>\n<meta property=\"og:url\" content=\"https:\/\/csc-grande-bastide.com\/index.php\/2026\/03\/06\/festival-de-contes-2026-1001-paroles\/\" \/>\n<meta property=\"og:site_name\" content=\"&quot;La Grande Bastide&quot;\" \/>\n<meta property=\"article:published_time\" content=\"2026-03-06T10:11:44+00:00\" \/>\n<meta property=\"article:modified_time\" content=\"2026-03-06T10:11:46+00:00\" \/>\n<meta property=\"og:image\" content=\"https:\/\/csc-grande-bastide.com\/wp-content\/uploads\/2026\/03\/miniature-site-internet-3.png\" \/>\n\t<meta property=\"og:image:width\" content=\"2000\" \/>\n\t<meta property=\"og:image:height\" content=\"1414\" \/>\n\t<meta property=\"og:image:type\" content=\"image\/png\" \/>\n<meta name=\"author\" content=\"Sarah Leyoudec\" \/>\n<meta name=\"twitter:card\" content=\"summary_large_image\" \/>\n<meta name=\"twitter:label1\" content=\"\u00c9crit par\" \/>\n\t<meta name=\"twitter:data1\" content=\"Sarah Leyoudec\" \/>\n\t<meta name=\"twitter:label2\" content=\"Dur\u00e9e de lecture estim\u00e9e\" \/>\n\t<meta name=\"twitter:data2\" content=\"2 minutes\" \/>\n<script type=\"application\/ld+json\" class=\"yoast-schema-graph\">{\"@context\":\"https:\\\/\\\/schema.org\",\"@graph\":[{\"@type\":\"Article\",\"@id\":\"https:\\\/\\\/csc-grande-bastide.com\\\/index.php\\\/2026\\\/03\\\/06\\\/festival-de-contes-2026-1001-paroles\\\/#article\",\"isPartOf\":{\"@id\":\"https:\\\/\\\/csc-grande-bastide.com\\\/index.php\\\/2026\\\/03\\\/06\\\/festival-de-contes-2026-1001-paroles\\\/\"},\"author\":{\"name\":\"Sarah Leyoudec\",\"@id\":\"https:\\\/\\\/csc-grande-bastide.com\\\/#\\\/schema\\\/person\\\/d26984bf58794b9988b5ef94a95d0b38\"},\"headline\":\"FESTIVAL DE CONTES 2026 &#8211; 1001 PAROLES\",\"datePublished\":\"2026-03-06T10:11:44+00:00\",\"dateModified\":\"2026-03-06T10:11:46+00:00\",\"mainEntityOfPage\":{\"@id\":\"https:\\\/\\\/csc-grande-bastide.com\\\/index.php\\\/2026\\\/03\\\/06\\\/festival-de-contes-2026-1001-paroles\\\/\"},\"wordCount\":171,\"commentCount\":0,\"publisher\":{\"@id\":\"https:\\\/\\\/csc-grande-bastide.com\\\/#organization\"},\"image\":{\"@id\":\"https:\\\/\\\/csc-grande-bastide.com\\\/index.php\\\/2026\\\/03\\\/06\\\/festival-de-contes-2026-1001-paroles\\\/#primaryimage\"},\"thumbnailUrl\":\"https:\\\/\\\/csc-grande-bastide.com\\\/wp-content\\\/uploads\\\/2026\\\/03\\\/miniature-site-internet-3.png\",\"inLanguage\":\"fr-FR\",\"potentialAction\":[{\"@type\":\"CommentAction\",\"name\":\"Comment\",\"target\":[\"https:\\\/\\\/csc-grande-bastide.com\\\/index.php\\\/2026\\\/03\\\/06\\\/festival-de-contes-2026-1001-paroles\\\/#respond\"]}]},{\"@type\":\"WebPage\",\"@id\":\"https:\\\/\\\/csc-grande-bastide.com\\\/index.php\\\/2026\\\/03\\\/06\\\/festival-de-contes-2026-1001-paroles\\\/\",\"url\":\"https:\\\/\\\/csc-grande-bastide.com\\\/index.php\\\/2026\\\/03\\\/06\\\/festival-de-contes-2026-1001-paroles\\\/\",\"name\":\"FESTIVAL DE CONTES 2026 - 1001 PAROLES - &quot;La Grande Bastide&quot;\",\"isPartOf\":{\"@id\":\"https:\\\/\\\/csc-grande-bastide.com\\\/#website\"},\"primaryImageOfPage\":{\"@id\":\"https:\\\/\\\/csc-grande-bastide.com\\\/index.php\\\/2026\\\/03\\\/06\\\/festival-de-contes-2026-1001-paroles\\\/#primaryimage\"},\"image\":{\"@id\":\"https:\\\/\\\/csc-grande-bastide.com\\\/index.php\\\/2026\\\/03\\\/06\\\/festival-de-contes-2026-1001-paroles\\\/#primaryimage\"},\"thumbnailUrl\":\"https:\\\/\\\/csc-grande-bastide.com\\\/wp-content\\\/uploads\\\/2026\\\/03\\\/miniature-site-internet-3.png\",\"datePublished\":\"2026-03-06T10:11:44+00:00\",\"dateModified\":\"2026-03-06T10:11:46+00:00\",\"breadcrumb\":{\"@id\":\"https:\\\/\\\/csc-grande-bastide.com\\\/index.php\\\/2026\\\/03\\\/06\\\/festival-de-contes-2026-1001-paroles\\\/#breadcrumb\"},\"inLanguage\":\"fr-FR\",\"potentialAction\":[{\"@type\":\"ReadAction\",\"target\":[\"https:\\\/\\\/csc-grande-bastide.com\\\/index.php\\\/2026\\\/03\\\/06\\\/festival-de-contes-2026-1001-paroles\\\/\"]}]},{\"@type\":\"ImageObject\",\"inLanguage\":\"fr-FR\",\"@id\":\"https:\\\/\\\/csc-grande-bastide.com\\\/index.php\\\/2026\\\/03\\\/06\\\/festival-de-contes-2026-1001-paroles\\\/#primaryimage\",\"url\":\"https:\\\/\\\/csc-grande-bastide.com\\\/wp-content\\\/uploads\\\/2026\\\/03\\\/miniature-site-internet-3.png\",\"contentUrl\":\"https:\\\/\\\/csc-grande-bastide.com\\\/wp-content\\\/uploads\\\/2026\\\/03\\\/miniature-site-internet-3.png\",\"width\":2000,\"height\":1414},{\"@type\":\"BreadcrumbList\",\"@id\":\"https:\\\/\\\/csc-grande-bastide.com\\\/index.php\\\/2026\\\/03\\\/06\\\/festival-de-contes-2026-1001-paroles\\\/#breadcrumb\",\"itemListElement\":[{\"@type\":\"ListItem\",\"position\":1,\"name\":\"Accueil\",\"item\":\"https:\\\/\\\/csc-grande-bastide.com\\\/\"},{\"@type\":\"ListItem\",\"position\":2,\"name\":\"FESTIVAL DE CONTES 2026 &#8211; 1001 PAROLES\"}]},{\"@type\":\"WebSite\",\"@id\":\"https:\\\/\\\/csc-grande-bastide.com\\\/#website\",\"url\":\"https:\\\/\\\/csc-grande-bastide.com\\\/\",\"name\":\"&quot;La Grande Bastide&quot;\",\"description\":\"Centre Social et Culturel \u00e0 Aix-en-Provence\",\"publisher\":{\"@id\":\"https:\\\/\\\/csc-grande-bastide.com\\\/#organization\"},\"potentialAction\":[{\"@type\":\"SearchAction\",\"target\":{\"@type\":\"EntryPoint\",\"urlTemplate\":\"https:\\\/\\\/csc-grande-bastide.com\\\/?s={search_term_string}\"},\"query-input\":{\"@type\":\"PropertyValueSpecification\",\"valueRequired\":true,\"valueName\":\"search_term_string\"}}],\"inLanguage\":\"fr-FR\"},{\"@type\":\"Organization\",\"@id\":\"https:\\\/\\\/csc-grande-bastide.com\\\/#organization\",\"name\":\"&quot;La Grande Bastide&quot;\",\"url\":\"https:\\\/\\\/csc-grande-bastide.com\\\/\",\"logo\":{\"@type\":\"ImageObject\",\"inLanguage\":\"fr-FR\",\"@id\":\"https:\\\/\\\/csc-grande-bastide.com\\\/#\\\/schema\\\/logo\\\/image\\\/\",\"url\":\"https:\\\/\\\/csc-grande-bastide.com\\\/wp-content\\\/uploads\\\/2023\\\/07\\\/cropped-Colorful-Books-Faux-OrganicAbstract-Media-Lifestyle-11-Static-Feed-Ad-1.png\",\"contentUrl\":\"https:\\\/\\\/csc-grande-bastide.com\\\/wp-content\\\/uploads\\\/2023\\\/07\\\/cropped-Colorful-Books-Faux-OrganicAbstract-Media-Lifestyle-11-Static-Feed-Ad-1.png\",\"width\":1079,\"height\":1079,\"caption\":\"&quot;La Grande Bastide&quot;\"},\"image\":{\"@id\":\"https:\\\/\\\/csc-grande-bastide.com\\\/#\\\/schema\\\/logo\\\/image\\\/\"}},{\"@type\":\"Person\",\"@id\":\"https:\\\/\\\/csc-grande-bastide.com\\\/#\\\/schema\\\/person\\\/d26984bf58794b9988b5ef94a95d0b38\",\"name\":\"Sarah Leyoudec\",\"image\":{\"@type\":\"ImageObject\",\"inLanguage\":\"fr-FR\",\"@id\":\"https:\\\/\\\/secure.gravatar.com\\\/avatar\\\/77eed33f89eac0fefc16e6aa19f6924227243e483fcd4e840c15ff8ee0734fb2?s=96&d=mm&r=g\",\"url\":\"https:\\\/\\\/secure.gravatar.com\\\/avatar\\\/77eed33f89eac0fefc16e6aa19f6924227243e483fcd4e840c15ff8ee0734fb2?s=96&d=mm&r=g\",\"contentUrl\":\"https:\\\/\\\/secure.gravatar.com\\\/avatar\\\/77eed33f89eac0fefc16e6aa19f6924227243e483fcd4e840c15ff8ee0734fb2?s=96&d=mm&r=g\",\"caption\":\"Sarah Leyoudec\"},\"url\":\"https:\\\/\\\/csc-grande-bastide.com\\\/index.php\\\/author\\\/sarahley\\\/\"}]}<\/script>\n<!-- \/ Yoast SEO plugin. -->","yoast_head_json":{"title":"FESTIVAL DE CONTES 2026 - 1001 PAROLES - &quot;La Grande Bastide&quot;","robots":{"index":"index","follow":"follow","max-snippet":"max-snippet:-1","max-image-preview":"max-image-preview:large","max-video-preview":"max-video-preview:-1"},"canonical":"https:\/\/csc-grande-bastide.com\/index.php\/2026\/03\/06\/festival-de-contes-2026-1001-paroles\/","og_locale":"fr_FR","og_type":"article","og_title":"FESTIVAL DE CONTES 2026 - 1001 PAROLES - &quot;La Grande Bastide&quot;","og_description":"Le festival de contes \u00ab Balivernes et fariboles \u00bb, propos\u00e9 par l\u2019association \u00ab\u00a0Mille et une paroles\u00a0\u00bb Paroles, revient les 28 et 29 mars 2026 au Centre Social et Culturel La Grande Bastide \u00e0 Aix-en-Provence. Cet \u00e9v\u00e9nement gratuit invite petits et grands \u00e0 plonger dans l\u2019univers du conte tout au long du week-end. Le samedi 28 [&hellip;]","og_url":"https:\/\/csc-grande-bastide.com\/index.php\/2026\/03\/06\/festival-de-contes-2026-1001-paroles\/","og_site_name":"&quot;La Grande Bastide&quot;","article_published_time":"2026-03-06T10:11:44+00:00","article_modified_time":"2026-03-06T10:11:46+00:00","og_image":[{"width":2000,"height":1414,"url":"https:\/\/csc-grande-bastide.com\/wp-content\/uploads\/2026\/03\/miniature-site-internet-3.png","type":"image\/png"}],"author":"Sarah Leyoudec","twitter_card":"summary_large_image","twitter_misc":{"\u00c9crit par":"Sarah Leyoudec","Dur\u00e9e de lecture estim\u00e9e":"2 minutes"},"schema":{"@context":"https:\/\/schema.org","@graph":[{"@type":"Article","@id":"https:\/\/csc-grande-bastide.com\/index.php\/2026\/03\/06\/festival-de-contes-2026-1001-paroles\/#article","isPartOf":{"@id":"https:\/\/csc-grande-bastide.com\/index.php\/2026\/03\/06\/festival-de-contes-2026-1001-paroles\/"},"author":{"name":"Sarah Leyoudec","@id":"https:\/\/csc-grande-bastide.com\/#\/schema\/person\/d26984bf58794b9988b5ef94a95d0b38"},"headline":"FESTIVAL DE CONTES 2026 &#8211; 1001 PAROLES","datePublished":"2026-03-06T10:11:44+00:00","dateModified":"2026-03-06T10:11:46+00:00","mainEntityOfPage":{"@id":"https:\/\/csc-grande-bastide.com\/index.php\/2026\/03\/06\/festival-de-contes-2026-1001-paroles\/"},"wordCount":171,"commentCount":0,"publisher":{"@id":"https:\/\/csc-grande-bastide.com\/#organization"},"image":{"@id":"https:\/\/csc-grande-bastide.com\/index.php\/2026\/03\/06\/festival-de-contes-2026-1001-paroles\/#primaryimage"},"thumbnailUrl":"https:\/\/csc-grande-bastide.com\/wp-content\/uploads\/2026\/03\/miniature-site-internet-3.png","inLanguage":"fr-FR","potentialAction":[{"@type":"CommentAction","name":"Comment","target":["https:\/\/csc-grande-bastide.com\/index.php\/2026\/03\/06\/festival-de-contes-2026-1001-paroles\/#respond"]}]},{"@type":"WebPage","@id":"https:\/\/csc-grande-bastide.com\/index.php\/2026\/03\/06\/festival-de-contes-2026-1001-paroles\/","url":"https:\/\/csc-grande-bastide.com\/index.php\/2026\/03\/06\/festival-de-contes-2026-1001-paroles\/","name":"FESTIVAL DE CONTES 2026 - 1001 PAROLES - &quot;La Grande Bastide&quot;","isPartOf":{"@id":"https:\/\/csc-grande-bastide.com\/#website"},"primaryImageOfPage":{"@id":"https:\/\/csc-grande-bastide.com\/index.php\/2026\/03\/06\/festival-de-contes-2026-1001-paroles\/#primaryimage"},"image":{"@id":"https:\/\/csc-grande-bastide.com\/index.php\/2026\/03\/06\/festival-de-contes-2026-1001-paroles\/#primaryimage"},"thumbnailUrl":"https:\/\/csc-grande-bastide.com\/wp-content\/uploads\/2026\/03\/miniature-site-internet-3.png","datePublished":"2026-03-06T10:11:44+00:00","dateModified":"2026-03-06T10:11:46+00:00","breadcrumb":{"@id":"https:\/\/csc-grande-bastide.com\/index.php\/2026\/03\/06\/festival-de-contes-2026-1001-paroles\/#breadcrumb"},"inLanguage":"fr-FR","potentialAction":[{"@type":"ReadAction","target":["https:\/\/csc-grande-bastide.com\/index.php\/2026\/03\/06\/festival-de-contes-2026-1001-paroles\/"]}]},{"@type":"ImageObject","inLanguage":"fr-FR","@id":"https:\/\/csc-grande-bastide.com\/index.php\/2026\/03\/06\/festival-de-contes-2026-1001-paroles\/#primaryimage","url":"https:\/\/csc-grande-bastide.com\/wp-content\/uploads\/2026\/03\/miniature-site-internet-3.png","contentUrl":"https:\/\/csc-grande-bastide.com\/wp-content\/uploads\/2026\/03\/miniature-site-internet-3.png","width":2000,"height":1414},{"@type":"BreadcrumbList","@id":"https:\/\/csc-grande-bastide.com\/index.php\/2026\/03\/06\/festival-de-contes-2026-1001-paroles\/#breadcrumb","itemListElement":[{"@type":"ListItem","position":1,"name":"Accueil","item":"https:\/\/csc-grande-bastide.com\/"},{"@type":"ListItem","position":2,"name":"FESTIVAL DE CONTES 2026 &#8211; 1001 PAROLES"}]},{"@type":"WebSite","@id":"https:\/\/csc-grande-bastide.com\/#website","url":"https:\/\/csc-grande-bastide.com\/","name":"&quot;La Grande Bastide&quot;","description":"Centre Social et Culturel \u00e0 Aix-en-Provence","publisher":{"@id":"https:\/\/csc-grande-bastide.com\/#organization"},"potentialAction":[{"@type":"SearchAction","target":{"@type":"EntryPoint","urlTemplate":"https:\/\/csc-grande-bastide.com\/?s={search_term_string}"},"query-input":{"@type":"PropertyValueSpecification","valueRequired":true,"valueName":"search_term_string"}}],"inLanguage":"fr-FR"},{"@type":"Organization","@id":"https:\/\/csc-grande-bastide.com\/#organization","name":"&quot;La Grande Bastide&quot;","url":"https:\/\/csc-grande-bastide.com\/","logo":{"@type":"ImageObject","inLanguage":"fr-FR","@id":"https:\/\/csc-grande-bastide.com\/#\/schema\/logo\/image\/","url":"https:\/\/csc-grande-bastide.com\/wp-content\/uploads\/2023\/07\/cropped-Colorful-Books-Faux-OrganicAbstract-Media-Lifestyle-11-Static-Feed-Ad-1.png","contentUrl":"https:\/\/csc-grande-bastide.com\/wp-content\/uploads\/2023\/07\/cropped-Colorful-Books-Faux-OrganicAbstract-Media-Lifestyle-11-Static-Feed-Ad-1.png","width":1079,"height":1079,"caption":"&quot;La Grande Bastide&quot;"},"image":{"@id":"https:\/\/csc-grande-bastide.com\/#\/schema\/logo\/image\/"}},{"@type":"Person","@id":"https:\/\/csc-grande-bastide.com\/#\/schema\/person\/d26984bf58794b9988b5ef94a95d0b38","name":"Sarah Leyoudec","image":{"@type":"ImageObject","inLanguage":"fr-FR","@id":"https:\/\/secure.gravatar.com\/avatar\/77eed33f89eac0fefc16e6aa19f6924227243e483fcd4e840c15ff8ee0734fb2?s=96&d=mm&r=g","url":"https:\/\/secure.gravatar.com\/avatar\/77eed33f89eac0fefc16e6aa19f6924227243e483fcd4e840c15ff8ee0734fb2?s=96&d=mm&r=g","contentUrl":"https:\/\/secure.gravatar.com\/avatar\/77eed33f89eac0fefc16e6aa19f6924227243e483fcd4e840c15ff8ee0734fb2?s=96&d=mm&r=g","caption":"Sarah Leyoudec"},"url":"https:\/\/csc-grande-bastide.com\/index.php\/author\/sarahley\/"}]}},"jetpack_featured_media_url":"https:\/\/csc-grande-bastide.com\/wp-content\/uploads\/2026\/03\/miniature-site-internet-3.png","jetpack_sharing_enabled":true,"_links":{"self":[{"href":"https:\/\/csc-grande-bastide.com\/index.php\/wp-json\/wp\/v2\/posts\/20782","targetHints":{"allow":["GET"]}}],"collection":[{"href":"https:\/\/csc-grande-bastide.com\/index.php\/wp-json\/wp\/v2\/posts"}],"about":[{"href":"https:\/\/csc-grande-bastide.com\/index.php\/wp-json\/wp\/v2\/types\/post"}],"author":[{"embeddable":true,"href":"https:\/\/csc-grande-bastide.com\/index.php\/wp-json\/wp\/v2\/users\/9"}],"replies":[{"embeddable":true,"href":"https:\/\/csc-grande-bastide.com\/index.php\/wp-json\/wp\/v2\/comments?post=20782"}],"version-history":[{"count":1,"href":"https:\/\/csc-grande-bastide.com\/index.php\/wp-json\/wp\/v2\/posts\/20782\/revisions"}],"predecessor-version":[{"id":20786,"href":"https:\/\/csc-grande-bastide.com\/index.php\/wp-json\/wp\/v2\/posts\/20782\/revisions\/20786"}],"wp:featuredmedia":[{"embeddable":true,"href":"https:\/\/csc-grande-bastide.com\/index.php\/wp-json\/wp\/v2\/media\/20785"}],"wp:attachment":[{"href":"https:\/\/csc-grande-bastide.com\/index.php\/wp-json\/wp\/v2\/media?parent=20782"}],"wp:term":[{"taxonomy":"category","embeddable":true,"href":"https:\/\/csc-grande-bastide.com\/index.php\/wp-json\/wp\/v2\/categories?post=20782"},{"taxonomy":"post_tag","embeddable":true,"href":"https:\/\/csc-grande-bastide.com\/index.php\/wp-json\/wp\/v2\/tags?post=20782"}],"curies":[{"name":"wp","href":"https:\/\/api.w.org\/{rel}","templated":true}]}}