{"id":3618,"date":"2021-07-29T16:17:20","date_gmt":"2021-07-29T14:17:20","guid":{"rendered":"https:\/\/csc-grande-bastide.com\/?p=3618"},"modified":"2021-07-30T16:16:32","modified_gmt":"2021-07-30T14:16:32","slug":"la-grande-bastide-part-en-vacances","status":"publish","type":"post","link":"https:\/\/csc-grande-bastide.com\/index.php\/2021\/07\/29\/la-grande-bastide-part-en-vacances\/","title":{"rendered":"FERMETURE ANNUELLE DU 02\/08 au 21\/08\/2021"},"content":{"rendered":"\n<div class=\"wp-block-image\"><figure class=\"aligncenter size-large\"><img fetchpriority=\"high\" decoding=\"async\" width=\"940\" height=\"788\" src=\"https:\/\/csc-grande-bastide.com\/wp-content\/uploads\/2021\/07\/Publication-Facebook-minimaliste-beaute-ethique-blanc-et-rose.png\" alt=\"\" class=\"wp-image-3619\" srcset=\"https:\/\/csc-grande-bastide.com\/wp-content\/uploads\/2021\/07\/Publication-Facebook-minimaliste-beaute-ethique-blanc-et-rose.png 940w, https:\/\/csc-grande-bastide.com\/wp-content\/uploads\/2021\/07\/Publication-Facebook-minimaliste-beaute-ethique-blanc-et-rose-300x251.png 300w, https:\/\/csc-grande-bastide.com\/wp-content\/uploads\/2021\/07\/Publication-Facebook-minimaliste-beaute-ethique-blanc-et-rose-768x644.png 768w, https:\/\/csc-grande-bastide.com\/wp-content\/uploads\/2021\/07\/Publication-Facebook-minimaliste-beaute-ethique-blanc-et-rose-600x503.png 600w\" sizes=\"(max-width: 940px) 100vw, 940px\" \/><\/figure><\/div>\n\n\n\n<p class=\"has-text-align-center\" style=\"font-size:18px\"><span class=\"has-inline-color has-black-color\">Merci pour cette ann\u00e9e pass\u00e9e ensemble  ! Nous avons partag\u00e9 de tr\u00e8s bons moments et r\u00e9alis\u00e9 beaucoup de choses, malgr\u00e9 les contraintes, les protocoles sanitaires, les restrictions, les incertitudes <\/span>et d\u00e9sormais le pass sanitaire qui vient s&rsquo;imposer \u00e0 nous !<\/p>\n\n\n\n<p><span class=\"has-inline-color has-black-color\">Retrouvons nous tr\u00e8s rapidement ! <\/span><br><span class=\"has-inline-color has-black-color\">Le Centre Social r\u00e9 ouvre son accueil de loisirs d\u00e8s le <\/span><strong><span class=\"has-inline-color has-vivid-red-color\">lundi 23 ao\u00fbt<\/span><\/strong><span class=\"has-inline-color has-black-color\"> de 8h00 \u00e0 18h00 pour terminer les vacances scolaire avant de reprendre les activit\u00e9s p\u00e9riscolaires le jeudi 2 septembre !<\/span><\/p>\n\n\n\n<p class=\"has-text-align-center\" style=\"font-size:18px\"><span class=\"has-inline-color has-black-color\">Nous vous rappelons que les horaires d&rsquo;accueil des mercredis et vacances scolaires en ALSH sont de <\/span><br><strong><span class=\"has-inline-color has-vivid-red-color\">8h00 \u00e0 18h00<\/span><\/strong><span class=\"has-inline-color has-black-color\">.<\/span><\/p>\n\n\n\n<div style=\"height:32px\" aria-hidden=\"true\" class=\"wp-block-spacer\"><\/div>\n\n\n\n<p class=\"has-text-align-center\" style=\"font-size:18px\"><em><span class=\"has-inline-color has-black-color\">Passez de tr\u00e8s bonnes vacances, <\/span><\/em><br><em><span class=\"has-inline-color has-black-color\">\u00e0 tr\u00e8s vite ! <\/span><\/em><\/p>\n\n\n\n<div style=\"height:28px\" aria-hidden=\"true\" class=\"wp-block-spacer\"><\/div>\n\n\n\n<p class=\"has-text-align-center\" style=\"font-size:18px\"><span class=\"has-inline-color has-black-color\">Si vous souhaitez vous inscrire au Centre Social et Culturel \u00ab\u00a0La Grande Bastide\u00a0\u00bb, n&rsquo;h\u00e9sitez pas \u00e0 consulter notre <a href=\"https:\/\/csc-grande-bastide.com\/index.php\/renseignements-pratiques-inscription-centre-social\/\">page relative aux inscriptions<\/a> ! <\/span><\/p>\n\n\n\n<p class=\"has-text-align-center\" style=\"font-size:18px\"><span class=\"has-inline-color has-black-color\">N&rsquo;h\u00e9sitez pas \u00e0 nous retrouver sur <a href=\"https:\/\/www.facebook.com\/cscgrandebastide\/\">Facebook <\/a>pour d\u00e9couvrir nos actions en images ! <\/span><\/p>\n","protected":false},"excerpt":{"rendered":"<p>Merci pour cette ann\u00e9e pass\u00e9e ensemble ! Nous avons partag\u00e9 de tr\u00e8s bons moments et r\u00e9alis\u00e9 beaucoup de choses, malgr\u00e9 les contraintes, les protocoles sanitaires, les restrictions, les incertitudes et d\u00e9sormais le pass sanitaire qui vient s&rsquo;imposer \u00e0 nous ! Retrouvons nous tr\u00e8s rapidement ! Le Centre Social r\u00e9 ouvre son accueil de loisirs d\u00e8s [&hellip;]<\/p>\n","protected":false},"author":9,"featured_media":3622,"comment_status":"open","ping_status":"open","sticky":false,"template":"","format":"standard","meta":{"_jetpack_memberships_contains_paid_content":false,"footnotes":""},"categories":[47],"tags":[],"class_list":["post-3618","post","type-post","status-publish","format-standard","has-post-thumbnail","hentry","category-actions-du-centre-social"],"yoast_head":"<!-- This site is optimized with the Yoast SEO plugin v27.4 - https:\/\/yoast.com\/product\/yoast-seo-wordpress\/ -->\n<title>FERMETURE ANNUELLE DU 02\/08 au 21\/08\/2021 - &quot;La Grande Bastide&quot;<\/title>\n<meta name=\"robots\" content=\"index, follow, max-snippet:-1, max-image-preview:large, max-video-preview:-1\" \/>\n<link rel=\"canonical\" href=\"https:\/\/csc-grande-bastide.com\/index.php\/2021\/07\/29\/la-grande-bastide-part-en-vacances\/\" \/>\n<meta property=\"og:locale\" content=\"fr_FR\" \/>\n<meta property=\"og:type\" content=\"article\" \/>\n<meta property=\"og:title\" content=\"FERMETURE ANNUELLE DU 02\/08 au 21\/08\/2021 - &quot;La Grande Bastide&quot;\" \/>\n<meta property=\"og:description\" content=\"Merci pour cette ann\u00e9e pass\u00e9e ensemble ! Nous avons partag\u00e9 de tr\u00e8s bons moments et r\u00e9alis\u00e9 beaucoup de choses, malgr\u00e9 les contraintes, les protocoles sanitaires, les restrictions, les incertitudes et d\u00e9sormais le pass sanitaire qui vient s&rsquo;imposer \u00e0 nous ! Retrouvons nous tr\u00e8s rapidement ! Le Centre Social r\u00e9 ouvre son accueil de loisirs d\u00e8s [&hellip;]\" \/>\n<meta property=\"og:url\" content=\"https:\/\/csc-grande-bastide.com\/index.php\/2021\/07\/29\/la-grande-bastide-part-en-vacances\/\" \/>\n<meta property=\"og:site_name\" content=\"&quot;La Grande Bastide&quot;\" \/>\n<meta property=\"article:published_time\" content=\"2021-07-29T14:17:20+00:00\" \/>\n<meta property=\"article:modified_time\" content=\"2021-07-30T14:16:32+00:00\" \/>\n<meta property=\"og:image\" content=\"https:\/\/csc-grande-bastide.com\/wp-content\/uploads\/2021\/07\/SEJOUR-A-VARS-3.png\" \/>\n\t<meta property=\"og:image:width\" content=\"1500\" \/>\n\t<meta property=\"og:image:height\" content=\"1002\" \/>\n\t<meta property=\"og:image:type\" content=\"image\/png\" \/>\n<meta name=\"author\" content=\"Sarah Leyoudec\" \/>\n<meta name=\"twitter:card\" content=\"summary_large_image\" \/>\n<meta name=\"twitter:label1\" content=\"\u00c9crit par\" \/>\n\t<meta name=\"twitter:data1\" content=\"Sarah Leyoudec\" \/>\n\t<meta name=\"twitter:label2\" content=\"Dur\u00e9e de lecture estim\u00e9e\" \/>\n\t<meta name=\"twitter:data2\" content=\"1 minute\" \/>\n<script type=\"application\/ld+json\" class=\"yoast-schema-graph\">{\"@context\":\"https:\\\/\\\/schema.org\",\"@graph\":[{\"@type\":\"Article\",\"@id\":\"https:\\\/\\\/csc-grande-bastide.com\\\/index.php\\\/2021\\\/07\\\/29\\\/la-grande-bastide-part-en-vacances\\\/#article\",\"isPartOf\":{\"@id\":\"https:\\\/\\\/csc-grande-bastide.com\\\/index.php\\\/2021\\\/07\\\/29\\\/la-grande-bastide-part-en-vacances\\\/\"},\"author\":{\"name\":\"Sarah Leyoudec\",\"@id\":\"https:\\\/\\\/csc-grande-bastide.com\\\/#\\\/schema\\\/person\\\/d26984bf58794b9988b5ef94a95d0b38\"},\"headline\":\"FERMETURE ANNUELLE DU 02\\\/08 au 21\\\/08\\\/2021\",\"datePublished\":\"2021-07-29T14:17:20+00:00\",\"dateModified\":\"2021-07-30T14:16:32+00:00\",\"mainEntityOfPage\":{\"@id\":\"https:\\\/\\\/csc-grande-bastide.com\\\/index.php\\\/2021\\\/07\\\/29\\\/la-grande-bastide-part-en-vacances\\\/\"},\"wordCount\":148,\"commentCount\":0,\"publisher\":{\"@id\":\"https:\\\/\\\/csc-grande-bastide.com\\\/#organization\"},\"image\":{\"@id\":\"https:\\\/\\\/csc-grande-bastide.com\\\/index.php\\\/2021\\\/07\\\/29\\\/la-grande-bastide-part-en-vacances\\\/#primaryimage\"},\"thumbnailUrl\":\"https:\\\/\\\/csc-grande-bastide.com\\\/wp-content\\\/uploads\\\/2021\\\/07\\\/SEJOUR-A-VARS-3.png\",\"articleSection\":[\"Actions du Centre Social\"],\"inLanguage\":\"fr-FR\",\"potentialAction\":[{\"@type\":\"CommentAction\",\"name\":\"Comment\",\"target\":[\"https:\\\/\\\/csc-grande-bastide.com\\\/index.php\\\/2021\\\/07\\\/29\\\/la-grande-bastide-part-en-vacances\\\/#respond\"]}]},{\"@type\":\"WebPage\",\"@id\":\"https:\\\/\\\/csc-grande-bastide.com\\\/index.php\\\/2021\\\/07\\\/29\\\/la-grande-bastide-part-en-vacances\\\/\",\"url\":\"https:\\\/\\\/csc-grande-bastide.com\\\/index.php\\\/2021\\\/07\\\/29\\\/la-grande-bastide-part-en-vacances\\\/\",\"name\":\"FERMETURE ANNUELLE DU 02\\\/08 au 21\\\/08\\\/2021 - &quot;La Grande Bastide&quot;\",\"isPartOf\":{\"@id\":\"https:\\\/\\\/csc-grande-bastide.com\\\/#website\"},\"primaryImageOfPage\":{\"@id\":\"https:\\\/\\\/csc-grande-bastide.com\\\/index.php\\\/2021\\\/07\\\/29\\\/la-grande-bastide-part-en-vacances\\\/#primaryimage\"},\"image\":{\"@id\":\"https:\\\/\\\/csc-grande-bastide.com\\\/index.php\\\/2021\\\/07\\\/29\\\/la-grande-bastide-part-en-vacances\\\/#primaryimage\"},\"thumbnailUrl\":\"https:\\\/\\\/csc-grande-bastide.com\\\/wp-content\\\/uploads\\\/2021\\\/07\\\/SEJOUR-A-VARS-3.png\",\"datePublished\":\"2021-07-29T14:17:20+00:00\",\"dateModified\":\"2021-07-30T14:16:32+00:00\",\"breadcrumb\":{\"@id\":\"https:\\\/\\\/csc-grande-bastide.com\\\/index.php\\\/2021\\\/07\\\/29\\\/la-grande-bastide-part-en-vacances\\\/#breadcrumb\"},\"inLanguage\":\"fr-FR\",\"potentialAction\":[{\"@type\":\"ReadAction\",\"target\":[\"https:\\\/\\\/csc-grande-bastide.com\\\/index.php\\\/2021\\\/07\\\/29\\\/la-grande-bastide-part-en-vacances\\\/\"]}]},{\"@type\":\"ImageObject\",\"inLanguage\":\"fr-FR\",\"@id\":\"https:\\\/\\\/csc-grande-bastide.com\\\/index.php\\\/2021\\\/07\\\/29\\\/la-grande-bastide-part-en-vacances\\\/#primaryimage\",\"url\":\"https:\\\/\\\/csc-grande-bastide.com\\\/wp-content\\\/uploads\\\/2021\\\/07\\\/SEJOUR-A-VARS-3.png\",\"contentUrl\":\"https:\\\/\\\/csc-grande-bastide.com\\\/wp-content\\\/uploads\\\/2021\\\/07\\\/SEJOUR-A-VARS-3.png\",\"width\":1500,\"height\":1002},{\"@type\":\"BreadcrumbList\",\"@id\":\"https:\\\/\\\/csc-grande-bastide.com\\\/index.php\\\/2021\\\/07\\\/29\\\/la-grande-bastide-part-en-vacances\\\/#breadcrumb\",\"itemListElement\":[{\"@type\":\"ListItem\",\"position\":1,\"name\":\"Accueil\",\"item\":\"https:\\\/\\\/csc-grande-bastide.com\\\/\"},{\"@type\":\"ListItem\",\"position\":2,\"name\":\"FERMETURE ANNUELLE DU 02\\\/08 au 21\\\/08\\\/2021\"}]},{\"@type\":\"WebSite\",\"@id\":\"https:\\\/\\\/csc-grande-bastide.com\\\/#website\",\"url\":\"https:\\\/\\\/csc-grande-bastide.com\\\/\",\"name\":\"&quot;La Grande Bastide&quot;\",\"description\":\"Centre Social et Culturel \u00e0 Aix-en-Provence\",\"publisher\":{\"@id\":\"https:\\\/\\\/csc-grande-bastide.com\\\/#organization\"},\"potentialAction\":[{\"@type\":\"SearchAction\",\"target\":{\"@type\":\"EntryPoint\",\"urlTemplate\":\"https:\\\/\\\/csc-grande-bastide.com\\\/?s={search_term_string}\"},\"query-input\":{\"@type\":\"PropertyValueSpecification\",\"valueRequired\":true,\"valueName\":\"search_term_string\"}}],\"inLanguage\":\"fr-FR\"},{\"@type\":\"Organization\",\"@id\":\"https:\\\/\\\/csc-grande-bastide.com\\\/#organization\",\"name\":\"&quot;La Grande Bastide&quot;\",\"url\":\"https:\\\/\\\/csc-grande-bastide.com\\\/\",\"logo\":{\"@type\":\"ImageObject\",\"inLanguage\":\"fr-FR\",\"@id\":\"https:\\\/\\\/csc-grande-bastide.com\\\/#\\\/schema\\\/logo\\\/image\\\/\",\"url\":\"https:\\\/\\\/csc-grande-bastide.com\\\/wp-content\\\/uploads\\\/2023\\\/07\\\/cropped-Colorful-Books-Faux-OrganicAbstract-Media-Lifestyle-11-Static-Feed-Ad-1.png\",\"contentUrl\":\"https:\\\/\\\/csc-grande-bastide.com\\\/wp-content\\\/uploads\\\/2023\\\/07\\\/cropped-Colorful-Books-Faux-OrganicAbstract-Media-Lifestyle-11-Static-Feed-Ad-1.png\",\"width\":1079,\"height\":1079,\"caption\":\"&quot;La Grande Bastide&quot;\"},\"image\":{\"@id\":\"https:\\\/\\\/csc-grande-bastide.com\\\/#\\\/schema\\\/logo\\\/image\\\/\"}},{\"@type\":\"Person\",\"@id\":\"https:\\\/\\\/csc-grande-bastide.com\\\/#\\\/schema\\\/person\\\/d26984bf58794b9988b5ef94a95d0b38\",\"name\":\"Sarah Leyoudec\",\"image\":{\"@type\":\"ImageObject\",\"inLanguage\":\"fr-FR\",\"@id\":\"https:\\\/\\\/secure.gravatar.com\\\/avatar\\\/77eed33f89eac0fefc16e6aa19f6924227243e483fcd4e840c15ff8ee0734fb2?s=96&d=mm&r=g\",\"url\":\"https:\\\/\\\/secure.gravatar.com\\\/avatar\\\/77eed33f89eac0fefc16e6aa19f6924227243e483fcd4e840c15ff8ee0734fb2?s=96&d=mm&r=g\",\"contentUrl\":\"https:\\\/\\\/secure.gravatar.com\\\/avatar\\\/77eed33f89eac0fefc16e6aa19f6924227243e483fcd4e840c15ff8ee0734fb2?s=96&d=mm&r=g\",\"caption\":\"Sarah Leyoudec\"},\"url\":\"https:\\\/\\\/csc-grande-bastide.com\\\/index.php\\\/author\\\/sarahley\\\/\"}]}<\/script>\n<!-- \/ Yoast SEO plugin. -->","yoast_head_json":{"title":"FERMETURE ANNUELLE DU 02\/08 au 21\/08\/2021 - &quot;La Grande Bastide&quot;","robots":{"index":"index","follow":"follow","max-snippet":"max-snippet:-1","max-image-preview":"max-image-preview:large","max-video-preview":"max-video-preview:-1"},"canonical":"https:\/\/csc-grande-bastide.com\/index.php\/2021\/07\/29\/la-grande-bastide-part-en-vacances\/","og_locale":"fr_FR","og_type":"article","og_title":"FERMETURE ANNUELLE DU 02\/08 au 21\/08\/2021 - &quot;La Grande Bastide&quot;","og_description":"Merci pour cette ann\u00e9e pass\u00e9e ensemble ! Nous avons partag\u00e9 de tr\u00e8s bons moments et r\u00e9alis\u00e9 beaucoup de choses, malgr\u00e9 les contraintes, les protocoles sanitaires, les restrictions, les incertitudes et d\u00e9sormais le pass sanitaire qui vient s&rsquo;imposer \u00e0 nous ! Retrouvons nous tr\u00e8s rapidement ! Le Centre Social r\u00e9 ouvre son accueil de loisirs d\u00e8s [&hellip;]","og_url":"https:\/\/csc-grande-bastide.com\/index.php\/2021\/07\/29\/la-grande-bastide-part-en-vacances\/","og_site_name":"&quot;La Grande Bastide&quot;","article_published_time":"2021-07-29T14:17:20+00:00","article_modified_time":"2021-07-30T14:16:32+00:00","og_image":[{"width":1500,"height":1002,"url":"https:\/\/csc-grande-bastide.com\/wp-content\/uploads\/2021\/07\/SEJOUR-A-VARS-3.png","type":"image\/png"}],"author":"Sarah Leyoudec","twitter_card":"summary_large_image","twitter_misc":{"\u00c9crit par":"Sarah Leyoudec","Dur\u00e9e de lecture estim\u00e9e":"1 minute"},"schema":{"@context":"https:\/\/schema.org","@graph":[{"@type":"Article","@id":"https:\/\/csc-grande-bastide.com\/index.php\/2021\/07\/29\/la-grande-bastide-part-en-vacances\/#article","isPartOf":{"@id":"https:\/\/csc-grande-bastide.com\/index.php\/2021\/07\/29\/la-grande-bastide-part-en-vacances\/"},"author":{"name":"Sarah Leyoudec","@id":"https:\/\/csc-grande-bastide.com\/#\/schema\/person\/d26984bf58794b9988b5ef94a95d0b38"},"headline":"FERMETURE ANNUELLE DU 02\/08 au 21\/08\/2021","datePublished":"2021-07-29T14:17:20+00:00","dateModified":"2021-07-30T14:16:32+00:00","mainEntityOfPage":{"@id":"https:\/\/csc-grande-bastide.com\/index.php\/2021\/07\/29\/la-grande-bastide-part-en-vacances\/"},"wordCount":148,"commentCount":0,"publisher":{"@id":"https:\/\/csc-grande-bastide.com\/#organization"},"image":{"@id":"https:\/\/csc-grande-bastide.com\/index.php\/2021\/07\/29\/la-grande-bastide-part-en-vacances\/#primaryimage"},"thumbnailUrl":"https:\/\/csc-grande-bastide.com\/wp-content\/uploads\/2021\/07\/SEJOUR-A-VARS-3.png","articleSection":["Actions du Centre Social"],"inLanguage":"fr-FR","potentialAction":[{"@type":"CommentAction","name":"Comment","target":["https:\/\/csc-grande-bastide.com\/index.php\/2021\/07\/29\/la-grande-bastide-part-en-vacances\/#respond"]}]},{"@type":"WebPage","@id":"https:\/\/csc-grande-bastide.com\/index.php\/2021\/07\/29\/la-grande-bastide-part-en-vacances\/","url":"https:\/\/csc-grande-bastide.com\/index.php\/2021\/07\/29\/la-grande-bastide-part-en-vacances\/","name":"FERMETURE ANNUELLE DU 02\/08 au 21\/08\/2021 - &quot;La Grande Bastide&quot;","isPartOf":{"@id":"https:\/\/csc-grande-bastide.com\/#website"},"primaryImageOfPage":{"@id":"https:\/\/csc-grande-bastide.com\/index.php\/2021\/07\/29\/la-grande-bastide-part-en-vacances\/#primaryimage"},"image":{"@id":"https:\/\/csc-grande-bastide.com\/index.php\/2021\/07\/29\/la-grande-bastide-part-en-vacances\/#primaryimage"},"thumbnailUrl":"https:\/\/csc-grande-bastide.com\/wp-content\/uploads\/2021\/07\/SEJOUR-A-VARS-3.png","datePublished":"2021-07-29T14:17:20+00:00","dateModified":"2021-07-30T14:16:32+00:00","breadcrumb":{"@id":"https:\/\/csc-grande-bastide.com\/index.php\/2021\/07\/29\/la-grande-bastide-part-en-vacances\/#breadcrumb"},"inLanguage":"fr-FR","potentialAction":[{"@type":"ReadAction","target":["https:\/\/csc-grande-bastide.com\/index.php\/2021\/07\/29\/la-grande-bastide-part-en-vacances\/"]}]},{"@type":"ImageObject","inLanguage":"fr-FR","@id":"https:\/\/csc-grande-bastide.com\/index.php\/2021\/07\/29\/la-grande-bastide-part-en-vacances\/#primaryimage","url":"https:\/\/csc-grande-bastide.com\/wp-content\/uploads\/2021\/07\/SEJOUR-A-VARS-3.png","contentUrl":"https:\/\/csc-grande-bastide.com\/wp-content\/uploads\/2021\/07\/SEJOUR-A-VARS-3.png","width":1500,"height":1002},{"@type":"BreadcrumbList","@id":"https:\/\/csc-grande-bastide.com\/index.php\/2021\/07\/29\/la-grande-bastide-part-en-vacances\/#breadcrumb","itemListElement":[{"@type":"ListItem","position":1,"name":"Accueil","item":"https:\/\/csc-grande-bastide.com\/"},{"@type":"ListItem","position":2,"name":"FERMETURE ANNUELLE DU 02\/08 au 21\/08\/2021"}]},{"@type":"WebSite","@id":"https:\/\/csc-grande-bastide.com\/#website","url":"https:\/\/csc-grande-bastide.com\/","name":"&quot;La Grande Bastide&quot;","description":"Centre Social et Culturel \u00e0 Aix-en-Provence","publisher":{"@id":"https:\/\/csc-grande-bastide.com\/#organization"},"potentialAction":[{"@type":"SearchAction","target":{"@type":"EntryPoint","urlTemplate":"https:\/\/csc-grande-bastide.com\/?s={search_term_string}"},"query-input":{"@type":"PropertyValueSpecification","valueRequired":true,"valueName":"search_term_string"}}],"inLanguage":"fr-FR"},{"@type":"Organization","@id":"https:\/\/csc-grande-bastide.com\/#organization","name":"&quot;La Grande Bastide&quot;","url":"https:\/\/csc-grande-bastide.com\/","logo":{"@type":"ImageObject","inLanguage":"fr-FR","@id":"https:\/\/csc-grande-bastide.com\/#\/schema\/logo\/image\/","url":"https:\/\/csc-grande-bastide.com\/wp-content\/uploads\/2023\/07\/cropped-Colorful-Books-Faux-OrganicAbstract-Media-Lifestyle-11-Static-Feed-Ad-1.png","contentUrl":"https:\/\/csc-grande-bastide.com\/wp-content\/uploads\/2023\/07\/cropped-Colorful-Books-Faux-OrganicAbstract-Media-Lifestyle-11-Static-Feed-Ad-1.png","width":1079,"height":1079,"caption":"&quot;La Grande Bastide&quot;"},"image":{"@id":"https:\/\/csc-grande-bastide.com\/#\/schema\/logo\/image\/"}},{"@type":"Person","@id":"https:\/\/csc-grande-bastide.com\/#\/schema\/person\/d26984bf58794b9988b5ef94a95d0b38","name":"Sarah Leyoudec","image":{"@type":"ImageObject","inLanguage":"fr-FR","@id":"https:\/\/secure.gravatar.com\/avatar\/77eed33f89eac0fefc16e6aa19f6924227243e483fcd4e840c15ff8ee0734fb2?s=96&d=mm&r=g","url":"https:\/\/secure.gravatar.com\/avatar\/77eed33f89eac0fefc16e6aa19f6924227243e483fcd4e840c15ff8ee0734fb2?s=96&d=mm&r=g","contentUrl":"https:\/\/secure.gravatar.com\/avatar\/77eed33f89eac0fefc16e6aa19f6924227243e483fcd4e840c15ff8ee0734fb2?s=96&d=mm&r=g","caption":"Sarah Leyoudec"},"url":"https:\/\/csc-grande-bastide.com\/index.php\/author\/sarahley\/"}]}},"jetpack_featured_media_url":"https:\/\/csc-grande-bastide.com\/wp-content\/uploads\/2021\/07\/SEJOUR-A-VARS-3.png","jetpack_sharing_enabled":true,"_links":{"self":[{"href":"https:\/\/csc-grande-bastide.com\/index.php\/wp-json\/wp\/v2\/posts\/3618","targetHints":{"allow":["GET"]}}],"collection":[{"href":"https:\/\/csc-grande-bastide.com\/index.php\/wp-json\/wp\/v2\/posts"}],"about":[{"href":"https:\/\/csc-grande-bastide.com\/index.php\/wp-json\/wp\/v2\/types\/post"}],"author":[{"embeddable":true,"href":"https:\/\/csc-grande-bastide.com\/index.php\/wp-json\/wp\/v2\/users\/9"}],"replies":[{"embeddable":true,"href":"https:\/\/csc-grande-bastide.com\/index.php\/wp-json\/wp\/v2\/comments?post=3618"}],"version-history":[{"count":6,"href":"https:\/\/csc-grande-bastide.com\/index.php\/wp-json\/wp\/v2\/posts\/3618\/revisions"}],"predecessor-version":[{"id":3648,"href":"https:\/\/csc-grande-bastide.com\/index.php\/wp-json\/wp\/v2\/posts\/3618\/revisions\/3648"}],"wp:featuredmedia":[{"embeddable":true,"href":"https:\/\/csc-grande-bastide.com\/index.php\/wp-json\/wp\/v2\/media\/3622"}],"wp:attachment":[{"href":"https:\/\/csc-grande-bastide.com\/index.php\/wp-json\/wp\/v2\/media?parent=3618"}],"wp:term":[{"taxonomy":"category","embeddable":true,"href":"https:\/\/csc-grande-bastide.com\/index.php\/wp-json\/wp\/v2\/categories?post=3618"},{"taxonomy":"post_tag","embeddable":true,"href":"https:\/\/csc-grande-bastide.com\/index.php\/wp-json\/wp\/v2\/tags?post=3618"}],"curies":[{"name":"wp","href":"https:\/\/api.w.org\/{rel}","templated":true}]}}